{"id":9730,"date":"2013-10-19T11:12:23","date_gmt":"2013-10-19T09:12:23","guid":{"rendered":"http:\/\/sajec.de\/blog\/?p=9730"},"modified":"2013-10-19T11:12:23","modified_gmt":"2013-10-19T09:12:23","slug":"krank","status":"publish","type":"post","link":"https:\/\/sajec.de\/blog\/krank\/","title":{"rendered":"Krank!"},"content":{"rendered":"<p>Wann war ich denn das letzte Mal richtig \u00a0krank? Ich kann mich gar nicht mehr richtig erinnern, es muss Monate her sein! Mal hier und da ein paar Kopfschmerzchens, meist selbst gez\u00fcchtete. Aber richtig krank? Nee, nicht das ich w\u00fcsste. Nun &#8211; jetzt hat es mich erwischt. Schnupfen, Husten, Kopf- und Gliederschmerzen haben sich versammelt. Meine Nase ist wund vom vielen Schnauben und ich f\u00fchle mich einfach nur schlapp und b\u00e4h und will gar nichts, au\u00dfer liegen bleiben. Deswegen lasse ich auch Haushalt Haushalt sein und packe mich abwechselnd auf Couch und ins Bett, hoffend, dass das eklige Zeugs namens Echinacea Erk\u00e4ltungssaft wirkt. Daneben sch\u00fctte ich Unmengen von Tee in mich hinein, was zur Folge hat, dass ich st\u00e4ndig auf&#8217;s WC muss. Nicht zu sprechen von dem exorbitant hohen Taschentuchverbrauch derzeit.<\/p>\n<p>Jedenfalls bin ich amtlich und richtig krank, p\u00fcnktlich zum Wochenende mal wieder, ich bin ja ein guter Arbeitnehmer und mach so was nur an arbeitsfreien Tagen! Grmpf! Wenn ich bis Montag nicht wieder fit sein sollte &#8211; dann wei\u00df ich auch nicht. Aber ich hoffe jetzt mal, dass ich es sein werde, denn alles andere w\u00fcrde die ganze Wochenplanung gewaltig um den Haufen schubsen.<\/p>\n","protected":false},"excerpt":{"rendered":"<p>Wann war ich denn das letzte Mal richtig \u00a0krank? Ich kann mich gar nicht mehr richtig erinnern, es muss Monate her sein! Mal hier und da ein paar Kopfschmerzchens, meist selbst gez\u00fcchtete. Aber richtig krank? Nee, nicht das ich w\u00fcsste. &hellip; <a href=\"https:\/\/sajec.de\/blog\/krank\/\">Weiterlesen <span class=\"meta-nav\">&rarr;<\/span><\/a><\/p>\n","protected":false},"author":2,"featured_media":0,"comment_status":"open","ping_status":"open","sticky":false,"template":"","format":"standard","meta":{"ngg_post_thumbnail":0,"footnotes":""},"categories":[1],"tags":[],"class_list":["post-9730","post","type-post","status-publish","format-standard","hentry","category-tagebuch"],"_links":{"self":[{"href":"https:\/\/sajec.de\/blog\/wp-json\/wp\/v2\/posts\/9730","targetHints":{"allow":["GET"]}}],"collection":[{"href":"https:\/\/sajec.de\/blog\/wp-json\/wp\/v2\/posts"}],"about":[{"href":"https:\/\/sajec.de\/blog\/wp-json\/wp\/v2\/types\/post"}],"author":[{"embeddable":true,"href":"https:\/\/sajec.de\/blog\/wp-json\/wp\/v2\/users\/2"}],"replies":[{"embeddable":true,"href":"https:\/\/sajec.de\/blog\/wp-json\/wp\/v2\/comments?post=9730"}],"version-history":[{"count":1,"href":"https:\/\/sajec.de\/blog\/wp-json\/wp\/v2\/posts\/9730\/revisions"}],"predecessor-version":[{"id":9731,"href":"https:\/\/sajec.de\/blog\/wp-json\/wp\/v2\/posts\/9730\/revisions\/9731"}],"wp:attachment":[{"href":"https:\/\/sajec.de\/blog\/wp-json\/wp\/v2\/media?parent=9730"}],"wp:term":[{"taxonomy":"category","embeddable":true,"href":"https:\/\/sajec.de\/blog\/wp-json\/wp\/v2\/categories?post=9730"},{"taxonomy":"post_tag","embeddable":true,"href":"https:\/\/sajec.de\/blog\/wp-json\/wp\/v2\/tags?post=9730"}],"curies":[{"name":"wp","href":"https:\/\/api.w.org\/{rel}","templated":true}]}}