{"id":9766,"date":"2013-11-01T17:39:06","date_gmt":"2013-11-01T16:39:06","guid":{"rendered":"http:\/\/sajec.de\/blog\/?p=9766"},"modified":"2013-11-01T17:56:31","modified_gmt":"2013-11-01T16:56:31","slug":"da-ging-er-hin","status":"publish","type":"post","link":"https:\/\/sajec.de\/blog\/da-ging-er-hin\/","title":{"rendered":"Da ging er hin"},"content":{"rendered":"<p>&#8230; der Oktober. Er hatte es eilig und so stiefelte er mit Riesenschritten &#8211; wie alle Monate 2013 bisher &#8211; durch die Zeit. Es macht mich ein wenig sprachlos, wie schnell tats\u00e4chlich die Zeit verfliegt. Da ist was dran, dass es die Zeit mit zunehmenden Alter eiliger zu haben scheint. Nun ja.<\/p>\n<p><img loading=\"lazy\" decoding=\"async\" class=\"alignnone size-full wp-image-9767\" alt=\"Novemberbild2013\" src=\"http:\/\/sajec.de\/blog\/wp-content\/uploads\/2013\/11\/Novemberbild2013.jpg\" width=\"850\" height=\"567\" srcset=\"https:\/\/sajec.de\/blog\/wp-content\/uploads\/2013\/11\/Novemberbild2013.jpg 850w, https:\/\/sajec.de\/blog\/wp-content\/uploads\/2013\/11\/Novemberbild2013-300x200.jpg 300w, https:\/\/sajec.de\/blog\/wp-content\/uploads\/2013\/11\/Novemberbild2013-150x100.jpg 150w, https:\/\/sajec.de\/blog\/wp-content\/uploads\/2013\/11\/Novemberbild2013-400x266.jpg 400w\" sizes=\"auto, (max-width: 850px) 100vw, 850px\" \/><\/p>\n<p>Jetzt ist also schon November. Er wird noch einmal arbeitsreich, aber ohne besondere geplante H\u00f6hepunkte was das bisschen Freizeit betrifft. Vielleicht ab und zu mal ins Kino und dann ist ja noch der Bridget-Jones-Abend mit Tokaji geplant. Sonst nichts. Ich habe noch ein paar Urlaubstage f\u00fcr 2013 \u00fcbrig, bin mir aber nicht so recht schl\u00fcssig, ob und wann ich die nehmen soll.<\/p>\n<p>Heute nun ist endlich erst einmal <strong>Freitag<\/strong>, nach einer hektischen und vollgepackten Woche auch mehr als verdient. W\u00e4hrend sich der Rest der Republik noch mal faul in den Betten w\u00e4lzte und reformationstechnisch frei hatte, mussten wir in Niedersachsen und Bremen wieder mal die Wirtschaft am Gang halten. Und was das f\u00fcr ein gereizter Freitag war! Meine hustende J. im B\u00fcro geht mir ja schon seit einer Woche auf die Eierst\u00f6cke, vor allem mit ihrer Husterei! Wenn sie mich angesteckt hat, blase ich ihr aber die Leviten! Aber noch f\u00fchle ich mich mehr oder weniger (wieder) fit. Es schnieft zwar noch und gestern \u00a0die erste Ergometer-Einheit nach der 3-w\u00f6chigen Pause brachte mich ganz sch\u00f6n ins Keuchen, aber im Grunde bin ich zufrieden. Es kommt eben jetzt darauf an, dass ich den Schweinehund an der kurzen Leine und mich nicht wieder von ihm bequatschen lasse, die Z\u00fcgel schlaff und schlaffer zu lassen, weil es ja dunkel ist und garstig drau\u00dfen und man da nicht rennen kann und Sport \u00fcberhaupt &#8230; man ist ja m\u00fcde &#8230;.<\/p>\n<p>Nichts da! Diesen Fehler will ich nicht noch einmal begehen. An der Stelle war ich n\u00e4mlich schon mal bei der ersten Abnehmerei. Da war ich dann auch wochenlang erk\u00e4ltet, und als ich h\u00e4tte wieder Laufen gehen sollen, kam eine Ausrede nach der anderen, und dann war ja sowieso Weihnachten und im neuen Jahr w\u00fcrde ich dann wieder durchstarten &#8230; und daraus wurde dann nichts. Nur die Kilos schlichen sich wieder drauf. Das soll mir nicht noch einmal passieren!<\/p>\n<p>Mit dem neuen NEXUS H\u00f6nd\u00fc, das ich von Knuffel geerbt habe, macht es jetzt auch Sinn, die \u00a0runtastic-App zu kaufen. Ist auch schon geschehen und ich hoffe, bei meiner n\u00e4chsten Joggingeinheit st\u00fcrzt mir das Programm nicht wieder wie vorher mit der alten XPERIA Gurke ins sonstwo.<\/p>\n","protected":false},"excerpt":{"rendered":"<p>&#8230; der Oktober. Er hatte es eilig und so stiefelte er mit Riesenschritten &#8211; wie alle Monate 2013 bisher &#8211; durch die Zeit. Es macht mich ein wenig sprachlos, wie schnell tats\u00e4chlich die Zeit verfliegt. Da ist was dran, dass &hellip; <a href=\"https:\/\/sajec.de\/blog\/da-ging-er-hin\/\">Weiterlesen <span class=\"meta-nav\">&rarr;<\/span><\/a><\/p>\n","protected":false},"author":2,"featured_media":0,"comment_status":"open","ping_status":"open","sticky":false,"template":"","format":"standard","meta":{"ngg_post_thumbnail":0,"footnotes":""},"categories":[21,1],"tags":[],"class_list":["post-9766","post","type-post","status-publish","format-standard","hentry","category-abnehmen","category-tagebuch"],"_links":{"self":[{"href":"https:\/\/sajec.de\/blog\/wp-json\/wp\/v2\/posts\/9766","targetHints":{"allow":["GET"]}}],"collection":[{"href":"https:\/\/sajec.de\/blog\/wp-json\/wp\/v2\/posts"}],"about":[{"href":"https:\/\/sajec.de\/blog\/wp-json\/wp\/v2\/types\/post"}],"author":[{"embeddable":true,"href":"https:\/\/sajec.de\/blog\/wp-json\/wp\/v2\/users\/2"}],"replies":[{"embeddable":true,"href":"https:\/\/sajec.de\/blog\/wp-json\/wp\/v2\/comments?post=9766"}],"version-history":[{"count":1,"href":"https:\/\/sajec.de\/blog\/wp-json\/wp\/v2\/posts\/9766\/revisions"}],"predecessor-version":[{"id":9768,"href":"https:\/\/sajec.de\/blog\/wp-json\/wp\/v2\/posts\/9766\/revisions\/9768"}],"wp:attachment":[{"href":"https:\/\/sajec.de\/blog\/wp-json\/wp\/v2\/media?parent=9766"}],"wp:term":[{"taxonomy":"category","embeddable":true,"href":"https:\/\/sajec.de\/blog\/wp-json\/wp\/v2\/categories?post=9766"},{"taxonomy":"post_tag","embeddable":true,"href":"https:\/\/sajec.de\/blog\/wp-json\/wp\/v2\/tags?post=9766"}],"curies":[{"name":"wp","href":"https:\/\/api.w.org\/{rel}","templated":true}]}}