{"id":9806,"date":"2013-11-17T10:46:35","date_gmt":"2013-11-17T09:46:35","guid":{"rendered":"http:\/\/sajec.de\/blog\/?p=9806"},"modified":"2013-11-17T10:49:19","modified_gmt":"2013-11-17T09:49:19","slug":"es-lebt-und-es-bloggt","status":"publish","type":"post","link":"https:\/\/sajec.de\/blog\/es-lebt-und-es-bloggt\/","title":{"rendered":"Es lebt &#8211; und es bloggt"},"content":{"rendered":"<p>Tja, das war ja eine komische Woche. Eine Couchwoche. Eine <strong>unfreiwillige<\/strong> Couchwoche. Zweimal hat es mich bei dem Versuch, morgens wie sonst auch immer das B\u00fcro zu st\u00fcrmen, aus den Latschen gekippt, regelm\u00e4\u00dfig sofort nach der Morgendusche. Nichts ging mehr: Schwindel, Schwei\u00dfausbruch. \u00dcbelkeit &#8230; ich musste mich hinlegen und eine Stunde lang versuchen, halbwegs wieder in einen Normalzustand zu gelangen. Aber was ist schon normal? Montag und Donnerstag schleppte ich mich mehr tot als lebendig zum (neuen Haus-)Arzt, damit der mir erkl\u00e4rt, was ich bereits vermutete: extremer\u00a0<strong>Eisenmangel<\/strong>. Kein Wunder &#8211; allerdings ein anderes (und nicht so ganz \u00f6ffentliches) Thema hier. Jedenfalls machte der Doc einen gro\u00dfen Bluttest und erkl\u00e4rte mir dann am Donnerstag, dass meine Eisenwerte unterirdisch schlecht (weil unter 8!) seien, und alles, was unter 10 ist, w\u00e4re in seinen Augen Grund, den K\u00f6rper auf den Kopf zu stellen und nachzuschauen. Aber wir wissen ja, woran bei mir der Eisenschwund liegt; und dass im Januar die OP deswegen ansteht. Nun gut &#8211; ich will jetzt nicht in Panik verfallen. Alle anderen Werte (EKG, Lunge) waren fein und zufriedenstellend.<\/p>\n<p>Ich vegetierte also auf der Couch mehr oder weniger dahin. Und verabscheute mich selbst, weil die Wohnung verm\u00fcllte in der Zeit und ich einfach keine Kraft und Energie fand, dagegen anzuk\u00e4mpfen. Daf\u00fcr habe ich gefressen! G.E.F.R.E.S.S.E.N! Es ist so frustrierend, denn nun spannt es am Bauch. Ich muss unbedingt wieder Disziplin und Sport in mein Leben bringen! Unbedingt. Aber langsam! Nicht gleich wieder alles auf einmal. So der Plan. Ich bin entschlossen, es diesmal nicht zu weit kommen zu lassen.<\/p>\n","protected":false},"excerpt":{"rendered":"<p>Tja, das war ja eine komische Woche. Eine Couchwoche. Eine unfreiwillige Couchwoche. Zweimal hat es mich bei dem Versuch, morgens wie sonst auch immer das B\u00fcro zu st\u00fcrmen, aus den Latschen gekippt, regelm\u00e4\u00dfig sofort nach der Morgendusche. Nichts ging mehr: &hellip; <a href=\"https:\/\/sajec.de\/blog\/es-lebt-und-es-bloggt\/\">Weiterlesen <span class=\"meta-nav\">&rarr;<\/span><\/a><\/p>\n","protected":false},"author":2,"featured_media":0,"comment_status":"open","ping_status":"open","sticky":false,"template":"","format":"standard","meta":{"ngg_post_thumbnail":0,"footnotes":""},"categories":[1],"tags":[],"class_list":["post-9806","post","type-post","status-publish","format-standard","hentry","category-tagebuch"],"_links":{"self":[{"href":"https:\/\/sajec.de\/blog\/wp-json\/wp\/v2\/posts\/9806","targetHints":{"allow":["GET"]}}],"collection":[{"href":"https:\/\/sajec.de\/blog\/wp-json\/wp\/v2\/posts"}],"about":[{"href":"https:\/\/sajec.de\/blog\/wp-json\/wp\/v2\/types\/post"}],"author":[{"embeddable":true,"href":"https:\/\/sajec.de\/blog\/wp-json\/wp\/v2\/users\/2"}],"replies":[{"embeddable":true,"href":"https:\/\/sajec.de\/blog\/wp-json\/wp\/v2\/comments?post=9806"}],"version-history":[{"count":3,"href":"https:\/\/sajec.de\/blog\/wp-json\/wp\/v2\/posts\/9806\/revisions"}],"predecessor-version":[{"id":9809,"href":"https:\/\/sajec.de\/blog\/wp-json\/wp\/v2\/posts\/9806\/revisions\/9809"}],"wp:attachment":[{"href":"https:\/\/sajec.de\/blog\/wp-json\/wp\/v2\/media?parent=9806"}],"wp:term":[{"taxonomy":"category","embeddable":true,"href":"https:\/\/sajec.de\/blog\/wp-json\/wp\/v2\/categories?post=9806"},{"taxonomy":"post_tag","embeddable":true,"href":"https:\/\/sajec.de\/blog\/wp-json\/wp\/v2\/tags?post=9806"}],"curies":[{"name":"wp","href":"https:\/\/api.w.org\/{rel}","templated":true}]}}