{"id":9852,"date":"2013-12-07T13:38:31","date_gmt":"2013-12-07T12:38:31","guid":{"rendered":"http:\/\/sajec.de\/blog\/?p=9852"},"modified":"2013-12-07T13:39:18","modified_gmt":"2013-12-07T12:39:18","slug":"der-xaver-und-die-weihnachtsfeier","status":"publish","type":"post","link":"https:\/\/sajec.de\/blog\/der-xaver-und-die-weihnachtsfeier\/","title":{"rendered":"Der Xaver und die Weihnachtsfeier"},"content":{"rendered":"<p>&#8230; und andere kurze karniggelsche Wochenr\u00fcckblicke:<\/p>\n<p>Der <strong>Sturm<\/strong> XAVER hat die letzten zwei Tage gew\u00fctet, weniger schlimm, als verpanikt vorher, aber immerhin heftig. Klecks war nur am Kuscheln. Donnerstag bescherte mir XAVER sogar einen freien Nachmittag, denn das OL-B\u00fcro gab mehr oder weniger sturmfrei; und so lag ich 14 Uhr auf dem Sofa, den Kaffee vor mir und den Klecks auf mir, und wollte eigentlich in Ruhe &#8222;Die Purpurnen Fl\u00fcsse 2&#8220; schauen. Den Film kenne ich zwar schon, aber nur so halb, weil obwohl er spannend ist, bekam ich immer nur den Anfang und dann wieder das Ende mit. Und was soll ich sagen: Es war auch diesmal nicht anders: W\u00e4hrend der Sturm an den Au\u00dfenw\u00e4nden unserer kleinen Dachgeschosswohnung r\u00fcttelte und der Kater mir ins Ohr schnurrte, schlief ich prompt wieder ein &#8211; und verschlief erneut den Film. Aber macht nichts, der kommt bestimmt noch mal.<\/p>\n<p>Gestern dann hatten wir die <strong>Kanzlei-Weihnachtsfeier<\/strong>. Die erste nach G.&#8217;s Tod. Die Stimmung war gut, nur kurz gedr\u00fcckt w\u00e4hrend der Chefansprache, weil nat\u00fcrlich darauf eingegangen wurde, wie schwer uns der Verlust unseres Hauptchefs getroffen hat. Aber nachher war alles wieder gut, und G. nat\u00fcrlich in unseren Herzen mit von der Partie. Eigentlich wollten wir ja vor dem Essen \u00fcber den Bremerhavener Weihnachtsmarkt schlendern, aber der war wegen XAVER geschlossen. Schade. Ich hatte mir extra eine Strumpfhose und eine neue M\u00fctze zugelegt, und mir war dementsprechend schwitzig. Das Essen war aber gut (ich hatte ein gro\u00dfes St\u00fcck Rinderfilet-Steak) und Chef war in Plauderlaune und lustig drauf. Nur der Lambrusco war zu kalt. G. h\u00e4tte ihn sicher zur\u00fcckgehen lassen; aber ich hab ihn einfach mit meinen Fingern aufgew\u00e4rmt und habe den Abend genossen.<\/p>\n<p>Heute Morgen war mir nach einem <strong>Spaziergang<\/strong>. Ich sollte sowieso noch eine Besorgung f\u00fcr das schwer arbeitende Bazillus machen, also verband ich Aufgabe mit Sport und spazierte meine knapp 6 Kilometer.<\/p>\n<p><img loading=\"lazy\" decoding=\"async\" class=\"alignnone size-full wp-image-9853\" alt=\"Spaz07122013\" src=\"http:\/\/sajec.de\/blog\/wp-content\/uploads\/2013\/12\/Spaz07122013.jpg\" width=\"850\" height=\"638\" srcset=\"https:\/\/sajec.de\/blog\/wp-content\/uploads\/2013\/12\/Spaz07122013.jpg 850w, https:\/\/sajec.de\/blog\/wp-content\/uploads\/2013\/12\/Spaz07122013-300x225.jpg 300w, https:\/\/sajec.de\/blog\/wp-content\/uploads\/2013\/12\/Spaz07122013-150x112.jpg 150w, https:\/\/sajec.de\/blog\/wp-content\/uploads\/2013\/12\/Spaz07122013-400x300.jpg 400w\" sizes=\"auto, (max-width: 850px) 100vw, 850px\" \/><\/p>\n<p>Womit wir auch bei der <strong>Erkenntnis der Woche<\/strong> w\u00e4ren: Mein Di\u00e4t-Programm schleift! Zu viel Naschkram! Zu viel K\u00f6rnerk\u00e4se (das geb ich zu!). Und zu oft siegt der Schweinehund und l\u00e4sst mich auf dem Sofa festkleben. Das Ergebnis: Die Lieblingshose spannt m\u00e4chtig und ist nicht mehr komfortabel tragbar, was ich merkte, als ich &#8211; mit Strumpfhose drunter um den angek\u00fcndigten eisigen Temperaturen auf Weihnachtsm\u00e4rkten zu trotzen &#8211; eben jene Lieblings-Cargo-Hose unm\u00f6glich ohne das Risiko, dass sie bei der n\u00e4chsten Bewegung an einer Stelle platzt, tragen konnte. Ich trau mich schon gar nicht auf die Waage! Bestimmt aber sind es wieder 80 kg! *seufz* Und ich kann jetzt auch nicht alles auf den neuen Jahresanfang verlagern, denn &#8230; es wird so ja nicht besser. Also: <strong><span style=\"color: #800000;\">Mehr Bewegung, weniger Naschen!<\/span><\/strong><\/p>\n<p>Und was steht heute noch so auf dem Plan? Das Musical <strong>Aschenputtel<\/strong> bei uns in der Friedeburg. mit Moni und J. &#8211; und ich freu mich drauf.<\/p>\n<p>\u00dcber die letzte <strong>supernatural<\/strong>-Folge muss ich auch noch ausf\u00fchrlich berichten. Habe sie bis jetzt bereits 4 Mal gesehen, und sie nimmt mich mit, auf allen Ebenen. Und erst am 14.01.2014 geht es weiter!<\/p>\n","protected":false},"excerpt":{"rendered":"<p>&#8230; und andere kurze karniggelsche Wochenr\u00fcckblicke: Der Sturm XAVER hat die letzten zwei Tage gew\u00fctet, weniger schlimm, als verpanikt vorher, aber immerhin heftig. Klecks war nur am Kuscheln. Donnerstag bescherte mir XAVER sogar einen freien Nachmittag, denn das OL-B\u00fcro gab &hellip; <a href=\"https:\/\/sajec.de\/blog\/der-xaver-und-die-weihnachtsfeier\/\">Weiterlesen <span class=\"meta-nav\">&rarr;<\/span><\/a><\/p>\n","protected":false},"author":2,"featured_media":0,"comment_status":"open","ping_status":"open","sticky":false,"template":"","format":"standard","meta":{"ngg_post_thumbnail":0,"footnotes":""},"categories":[21,5,1,6],"tags":[],"class_list":["post-9852","post","type-post","status-publish","format-standard","hentry","category-abnehmen","category-bilder","category-tagebuch","category-supernatural"],"_links":{"self":[{"href":"https:\/\/sajec.de\/blog\/wp-json\/wp\/v2\/posts\/9852","targetHints":{"allow":["GET"]}}],"collection":[{"href":"https:\/\/sajec.de\/blog\/wp-json\/wp\/v2\/posts"}],"about":[{"href":"https:\/\/sajec.de\/blog\/wp-json\/wp\/v2\/types\/post"}],"author":[{"embeddable":true,"href":"https:\/\/sajec.de\/blog\/wp-json\/wp\/v2\/users\/2"}],"replies":[{"embeddable":true,"href":"https:\/\/sajec.de\/blog\/wp-json\/wp\/v2\/comments?post=9852"}],"version-history":[{"count":2,"href":"https:\/\/sajec.de\/blog\/wp-json\/wp\/v2\/posts\/9852\/revisions"}],"predecessor-version":[{"id":9855,"href":"https:\/\/sajec.de\/blog\/wp-json\/wp\/v2\/posts\/9852\/revisions\/9855"}],"wp:attachment":[{"href":"https:\/\/sajec.de\/blog\/wp-json\/wp\/v2\/media?parent=9852"}],"wp:term":[{"taxonomy":"category","embeddable":true,"href":"https:\/\/sajec.de\/blog\/wp-json\/wp\/v2\/categories?post=9852"},{"taxonomy":"post_tag","embeddable":true,"href":"https:\/\/sajec.de\/blog\/wp-json\/wp\/v2\/tags?post=9852"}],"curies":[{"name":"wp","href":"https:\/\/api.w.org\/{rel}","templated":true}]}}