{"id":9872,"date":"2013-12-14T13:31:02","date_gmt":"2013-12-14T12:31:02","guid":{"rendered":"http:\/\/sajec.de\/blog\/?p=9872"},"modified":"2013-12-14T13:50:42","modified_gmt":"2013-12-14T12:50:42","slug":"smaugs-einoede","status":"publish","type":"post","link":"https:\/\/sajec.de\/blog\/smaugs-einoede\/","title":{"rendered":"Smaugs Ein\u00f6de"},"content":{"rendered":"<p><img loading=\"lazy\" decoding=\"async\" class=\"alignleft  wp-image-9876\" alt=\"KILI\" src=\"http:\/\/sajec.de\/blog\/wp-content\/uploads\/2013\/12\/KILI.jpg\" width=\"230\" height=\"350\" srcset=\"https:\/\/sajec.de\/blog\/wp-content\/uploads\/2013\/12\/KILI.jpg 384w, https:\/\/sajec.de\/blog\/wp-content\/uploads\/2013\/12\/KILI-197x300.jpg 197w, https:\/\/sajec.de\/blog\/wp-content\/uploads\/2013\/12\/KILI-98x150.jpg 98w\" sizes=\"auto, (max-width: 230px) 100vw, 230px\" \/>Endlich! Hobbit-Time im Kino. Bin ja nicht so der lesende Tolkien-Fan, aber die LOTR-movies begeisterten und auch der erste Teil des Hobbit&#8217;s letztes Jahr war mindblowing. Nun endlich also die Fortsetzung, wobei ich steinfelsenfest \u00fcberzeugt war, dass mit dem 2. Film die Geschichte um Bilbo Beutlin abgeschlossen sein w\u00fcrde. Und dann &#8230;<\/p>\n<p>BAM! Offenes Ende. Weiter geht es 2014! Ahhhh &#8230;. !<\/p>\n<p>Der Film ist aber sehenswert, unbedingt ins Kino gehen, am besten 3D genie\u00dfen und eintauchen in die Geschichte! Die Dialoge zwischen Bilbo und Smaug &#8211; k\u00f6stlich! Den werde ich mir sicher auch in der Original-Version anschauen und anh\u00f6ren, weil n\u00e4mlich BBC-Sherlock dem Drachen seine Stimme gibt. Die deutsche Synchronstimme war aber meiner Meinung nach perfekt ausgesucht!<br \/>\nMein Lieblingszwerg ist \u00fcbrigens Kili; und jetzt muss ich noch ein Jahr warten, bis ich erfahre, ob er seine Waldelfe bekommt und \u00fcberhaupt \u00fcberlebt. Speaking of Elben: Die sind kleine Arschl\u00f6cher, und wie mir Knuffel als Tolkien-Experte, der sogar das Simarillon 3 mal gelesen hat, versicherte, waren das auch nicht gerade die sympathischsten Spitzohren von Mittelerde; Legolas mag da eine Ausnahme gewesen sein.<\/p>\n<p>Ich habe jedenfalls den HOBBIT2 genossen und freue mich um so mehr auf den 3. Teil n\u00e4chstes Jahr. Und bis dahin wird dank SKY sicher noch einige Male die unerwartete Reise verfolgt.<\/p>\n<p><span style=\"text-decoration: underline;\">Edit<\/span>: Knuffel fragt mich gerade, ob ich nun Dean untreu werde! <strong>This will NEVER happen! <\/strong>Ich finde nur Kili von allen Zwergen am Dean&#8217;schen. LOL<\/p>\n","protected":false},"excerpt":{"rendered":"<p>Endlich! Hobbit-Time im Kino. Bin ja nicht so der lesende Tolkien-Fan, aber die LOTR-movies begeisterten und auch der erste Teil des Hobbit&#8217;s letztes Jahr war mindblowing. Nun endlich also die Fortsetzung, wobei ich steinfelsenfest \u00fcberzeugt war, dass mit dem 2. &hellip; <a href=\"https:\/\/sajec.de\/blog\/smaugs-einoede\/\">Weiterlesen <span class=\"meta-nav\">&rarr;<\/span><\/a><\/p>\n","protected":false},"author":2,"featured_media":0,"comment_status":"open","ping_status":"open","sticky":false,"template":"","format":"standard","meta":{"ngg_post_thumbnail":0,"footnotes":""},"categories":[1,20],"tags":[],"class_list":["post-9872","post","type-post","status-publish","format-standard","hentry","category-tagebuch","category-kinozeit"],"_links":{"self":[{"href":"https:\/\/sajec.de\/blog\/wp-json\/wp\/v2\/posts\/9872","targetHints":{"allow":["GET"]}}],"collection":[{"href":"https:\/\/sajec.de\/blog\/wp-json\/wp\/v2\/posts"}],"about":[{"href":"https:\/\/sajec.de\/blog\/wp-json\/wp\/v2\/types\/post"}],"author":[{"embeddable":true,"href":"https:\/\/sajec.de\/blog\/wp-json\/wp\/v2\/users\/2"}],"replies":[{"embeddable":true,"href":"https:\/\/sajec.de\/blog\/wp-json\/wp\/v2\/comments?post=9872"}],"version-history":[{"count":6,"href":"https:\/\/sajec.de\/blog\/wp-json\/wp\/v2\/posts\/9872\/revisions"}],"predecessor-version":[{"id":9879,"href":"https:\/\/sajec.de\/blog\/wp-json\/wp\/v2\/posts\/9872\/revisions\/9879"}],"wp:attachment":[{"href":"https:\/\/sajec.de\/blog\/wp-json\/wp\/v2\/media?parent=9872"}],"wp:term":[{"taxonomy":"category","embeddable":true,"href":"https:\/\/sajec.de\/blog\/wp-json\/wp\/v2\/categories?post=9872"},{"taxonomy":"post_tag","embeddable":true,"href":"https:\/\/sajec.de\/blog\/wp-json\/wp\/v2\/tags?post=9872"}],"curies":[{"name":"wp","href":"https:\/\/api.w.org\/{rel}","templated":true}]}}