{"id":9919,"date":"2013-12-27T14:33:44","date_gmt":"2013-12-27T13:33:44","guid":{"rendered":"http:\/\/sajec.de\/blog\/?p=9919"},"modified":"2013-12-27T14:39:48","modified_gmt":"2013-12-27T13:39:48","slug":"der-letzte-buerotag-2013","status":"publish","type":"post","link":"https:\/\/sajec.de\/blog\/der-letzte-buerotag-2013\/","title":{"rendered":"Der letzte B\u00fcrotag 2013"},"content":{"rendered":"<p>&#8230; ist geschafft. Der Morgen startete mit einem leichten Kreislaufkollaps (mal wieder). Ich sollte wirklich nicht mehr so hei\u00df duschen! *seufz* Aber nach ein paar Minuten ging es einigerma\u00dfen, und so war ich &#8211; wie mit Chef verabredet &#8211; eine Stunde fr\u00fcher als gew\u00f6hnlich f\u00fcr einen Freitag im B\u00fcro. Beim Anblick der Akten, die sich unerkl\u00e4rlicher Weise \u00fcber Nacht und Feiertage planlos und ungehemmt zu vermehren scheinen, h\u00e4tte ich gern wie Aschenputtel geseufzt und mir helfende T\u00e4ubchen gew\u00fcnscht. Es ist ein schier aussichtsloser Kampf gegen die Akten! Chef mag es aber auch nicht, wenn keine Akten im Diktatstapel liegen; vermutlich weil er dann das Gef\u00fchl hat, dass seine Kanzlei nicht brummt. Also: Frisch ans Werk, es ist ja der letzte B\u00fcrotag f\u00fcr mich im Jahr 2013.<\/p>\n<p>Einen unerwarteten Adrenalinschub bekam ich noch gratis verpasst, als kurz vor 7.30 Uhr Chef&#8217;s Schwiegermutter im B\u00fcro anrief, irgendwas von <em>&#8222;Ich steh in der Walachei, ich musste \u00fcbernachten &#8230; ich erreiche aber niemanden &#8230; doch mir geht es gut &#8230; ich rufe mir jetzt ein Taxi&#8220;<\/em> brabbelte. Was sollte ich tun? Eine Nummer ist auf dem altmodischen Ding, das Chef Telefon nennt, nicht anzeigbar. Zwar wusste ich, dass Chef sein Schwiegerm\u00fctterchen eigentlich nach Hamburg zu deren Schwester verfrachten wollte und dass Schwiegermutter auch ziemlich dement ist; aber woran erkennt man am Telefon, ob Chefschwiegergetier nicht doch irgendwie ausgeb\u00fcchst ist und nun irgendwo hilflos und verwirrt im Nachthemd auf einem Feld steht? Also habe ich Chef versucht zu erreichen, obwohl ich wusste, dass er vor 8 Uhr kaum ansprechbar sein wird. Er war auch nicht zu erreichen. Mehr konnte ich gerade nicht tun. 10 Minuten sp\u00e4ter rief eine weitere Dame an, wie sich herausstelle die Schwester der verwirrten ChefSchwiegermutter, und beruhigte mich: Sie habe gerade ihre Schwester telefonieren geh\u00f6rt, es ist aber alles in Ordnung, sie ist noch immer in ihrem Zimmer, wohlbehalten, im Nachthemd, aber aufger\u00e4umt und unter Aufsicht jetzt und ich solle Chef und dessen Frauchen nicht in Aufruhr versetzen. Zu sp\u00e4t &#8211; hatte ich schon. Zumindest habe ich Chef&#8217;s privaten AB vollgeplappert. Noch mal auf dem AB Entwarnung gegeben; und mich wieder um meine Akten gek\u00fcmmert. Ernsthaft: Demenz ist eine Schei\u00df-Krankheit!<\/p>\n<p>Zwischendurch gab es am Himmel einen kolossalen roten Sonnenaufgang. Der gesamte Himmel schien in Flammen zu stehen:<\/p>\n<p><a href=\"http:\/\/sajec.de\/blog\/wp-content\/uploads\/2013\/12\/Morgenrot2.jpg\"><img loading=\"lazy\" decoding=\"async\" class=\"alignnone size-full wp-image-9920\" alt=\"Morgenrot2\" src=\"http:\/\/sajec.de\/blog\/wp-content\/uploads\/2013\/12\/Morgenrot2.jpg\" width=\"850\" height=\"638\" srcset=\"https:\/\/sajec.de\/blog\/wp-content\/uploads\/2013\/12\/Morgenrot2.jpg 850w, https:\/\/sajec.de\/blog\/wp-content\/uploads\/2013\/12\/Morgenrot2-300x225.jpg 300w, https:\/\/sajec.de\/blog\/wp-content\/uploads\/2013\/12\/Morgenrot2-150x112.jpg 150w, https:\/\/sajec.de\/blog\/wp-content\/uploads\/2013\/12\/Morgenrot2-400x300.jpg 400w\" sizes=\"auto, (max-width: 850px) 100vw, 850px\" \/><\/a><\/p>\n<p>Chef lief dann wenig sp\u00e4ter &#8211; ziemlich unausgeschlafen &#8211; im B\u00fcro auf, und erkl\u00e4rte erst einmal, dass das Drama &#8222;verwirrtes Schwiegerm\u00fctterchen&#8220; schon seit 6.30 Uhr gegeben wurde und er 12! verpasste Anrufe auf seinem Handy hatte. Da war es nur gut, dass ich an Milch und Kaffee gedacht hatte und er nicht auch noch darauf verzichten musste. Das vers\u00f6hnte ihn mit der Welt. Er lie\u00df mich dann in Ruhe tippen, hatte auch nichts weiter zu meckern und verkr\u00fcmelte sich beizeiten wieder in seinen Kurzurlaub. Ich hab noch in Ruhe &#8222;klar Kanzlei&#8220; gemacht, bin auch zufrieden mit mir. P\u00fcnktlich 13 Uhr hab ich dann alles fallen gelassen (machen ja andere auch so!) und nun habe ich die kommende Silvester-Woche komplett frei! Hach, wie gut sich das anf\u00fchlt!<\/p>\n<p>Das war er also, der letzte B\u00fcrotag 2013. Ich muss erst am 06.01.2014 wieder meinen Dienst antreten (es sei denn, Kollegin ruft Montag Morgen hier an und st\u00f6hnt was von krank). Aber das wollen wir mal nicht hoffen. Ich brauche ein paar Tage ohne Stress und Trubel frei. Faule Tage, nur ein bisschen Haushalt und Sport und um die \u00dcberweisung ins Krankenhaus f\u00fcr Mitte Januar muss ich mich auch noch k\u00fcmmern. Aber alles Step by Step und\u00a0<strong>oak nje jechen!\u00a0<\/strong><\/p>\n","protected":false},"excerpt":{"rendered":"<p>&#8230; ist geschafft. Der Morgen startete mit einem leichten Kreislaufkollaps (mal wieder). Ich sollte wirklich nicht mehr so hei\u00df duschen! *seufz* Aber nach ein paar Minuten ging es einigerma\u00dfen, und so war ich &#8211; wie mit Chef verabredet &#8211; eine &hellip; <a href=\"https:\/\/sajec.de\/blog\/der-letzte-buerotag-2013\/\">Weiterlesen <span class=\"meta-nav\">&rarr;<\/span><\/a><\/p>\n","protected":false},"author":2,"featured_media":0,"comment_status":"open","ping_status":"open","sticky":false,"template":"","format":"standard","meta":{"ngg_post_thumbnail":0,"footnotes":""},"categories":[5,1],"tags":[],"class_list":["post-9919","post","type-post","status-publish","format-standard","hentry","category-bilder","category-tagebuch"],"_links":{"self":[{"href":"https:\/\/sajec.de\/blog\/wp-json\/wp\/v2\/posts\/9919","targetHints":{"allow":["GET"]}}],"collection":[{"href":"https:\/\/sajec.de\/blog\/wp-json\/wp\/v2\/posts"}],"about":[{"href":"https:\/\/sajec.de\/blog\/wp-json\/wp\/v2\/types\/post"}],"author":[{"embeddable":true,"href":"https:\/\/sajec.de\/blog\/wp-json\/wp\/v2\/users\/2"}],"replies":[{"embeddable":true,"href":"https:\/\/sajec.de\/blog\/wp-json\/wp\/v2\/comments?post=9919"}],"version-history":[{"count":4,"href":"https:\/\/sajec.de\/blog\/wp-json\/wp\/v2\/posts\/9919\/revisions"}],"predecessor-version":[{"id":9924,"href":"https:\/\/sajec.de\/blog\/wp-json\/wp\/v2\/posts\/9919\/revisions\/9924"}],"wp:attachment":[{"href":"https:\/\/sajec.de\/blog\/wp-json\/wp\/v2\/media?parent=9919"}],"wp:term":[{"taxonomy":"category","embeddable":true,"href":"https:\/\/sajec.de\/blog\/wp-json\/wp\/v2\/categories?post=9919"},{"taxonomy":"post_tag","embeddable":true,"href":"https:\/\/sajec.de\/blog\/wp-json\/wp\/v2\/tags?post=9919"}],"curies":[{"name":"wp","href":"https:\/\/api.w.org\/{rel}","templated":true}]}}