{"id":9936,"date":"2013-12-30T20:17:29","date_gmt":"2013-12-30T19:17:29","guid":{"rendered":"http:\/\/sajec.de\/blog\/?p=9936"},"modified":"2013-12-30T20:18:43","modified_gmt":"2013-12-30T19:18:43","slug":"marmeladenglasmomente-2014","status":"publish","type":"post","link":"https:\/\/sajec.de\/blog\/marmeladenglasmomente-2014\/","title":{"rendered":"Marmeladenglasmomente 2014"},"content":{"rendered":"<p><a href=\"http:\/\/sajec.de\/blog\/wp-content\/uploads\/2013\/12\/Marmeladenglas.jpg\"><img loading=\"lazy\" decoding=\"async\" class=\"size-full wp-image-9937 alignleft\" alt=\"Marmeladenglas\" src=\"http:\/\/sajec.de\/blog\/wp-content\/uploads\/2013\/12\/Marmeladenglas.jpg\" width=\"400\" height=\"484\" srcset=\"https:\/\/sajec.de\/blog\/wp-content\/uploads\/2013\/12\/Marmeladenglas.jpg 400w, https:\/\/sajec.de\/blog\/wp-content\/uploads\/2013\/12\/Marmeladenglas-247x300.jpg 247w, https:\/\/sajec.de\/blog\/wp-content\/uploads\/2013\/12\/Marmeladenglas-123x150.jpg 123w\" sizes=\"auto, (max-width: 400px) 100vw, 400px\" \/><\/a><\/p>\n<p>&nbsp;<\/p>\n<p>Schon in diesem Jahr habe ich auf einem Blog von dieser wunderbaren Idee gelesen, die kleinen Momente, die uns ein L\u00e4cheln schenkten, Freude, Genuss, &#8230; all die zauberhaft kleinen und auch die gro\u00dfen Ereignisse in ein Marmeladenglas zu stopfen und am Ende des Jahres das Glas zu \u00f6ffnen und sich bewusst der <strong>Marmeladenglasmomente<\/strong> zu erinnern. F\u00fcr 2014 habe ich mir vorgenommen, das tats\u00e4chlich nun auch umzusetzen; und deswegen habe ich mir heute Bastelmaterial und ein Glas im hiesigen Tedi gekauft und heute Nachmittag mein ganz spezielles und unikates Marmeladenglas f\u00fcr 2014 verziert. Gleichzeitig gibt es nun auch eine neue Kategorie hier auf dem Karniggelblog, denn ab und an brauche ich eben wohl etwas mehr, als &#8222;nur&#8220; eingeweckte Kinokarten, B\u00fccherquittungen und was mir 2014 noch so Zauberhaftes passieren wird. Und das wird hoffentlich Einiges sein. Nun denn &#8230;<\/p>\n<p>&nbsp;<\/p>\n","protected":false},"excerpt":{"rendered":"<p>&nbsp; Schon in diesem Jahr habe ich auf einem Blog von dieser wunderbaren Idee gelesen, die kleinen Momente, die uns ein L\u00e4cheln schenkten, Freude, Genuss, &#8230; all die zauberhaft kleinen und auch die gro\u00dfen Ereignisse in ein Marmeladenglas zu stopfen &hellip; <a href=\"https:\/\/sajec.de\/blog\/marmeladenglasmomente-2014\/\">Weiterlesen <span class=\"meta-nav\">&rarr;<\/span><\/a><\/p>\n","protected":false},"author":2,"featured_media":9937,"comment_status":"open","ping_status":"open","sticky":false,"template":"","format":"standard","meta":{"ngg_post_thumbnail":0,"footnotes":""},"categories":[31],"tags":[],"class_list":["post-9936","post","type-post","status-publish","format-standard","has-post-thumbnail","hentry","category-marmeladenglasmomente"],"_links":{"self":[{"href":"https:\/\/sajec.de\/blog\/wp-json\/wp\/v2\/posts\/9936","targetHints":{"allow":["GET"]}}],"collection":[{"href":"https:\/\/sajec.de\/blog\/wp-json\/wp\/v2\/posts"}],"about":[{"href":"https:\/\/sajec.de\/blog\/wp-json\/wp\/v2\/types\/post"}],"author":[{"embeddable":true,"href":"https:\/\/sajec.de\/blog\/wp-json\/wp\/v2\/users\/2"}],"replies":[{"embeddable":true,"href":"https:\/\/sajec.de\/blog\/wp-json\/wp\/v2\/comments?post=9936"}],"version-history":[{"count":3,"href":"https:\/\/sajec.de\/blog\/wp-json\/wp\/v2\/posts\/9936\/revisions"}],"predecessor-version":[{"id":9940,"href":"https:\/\/sajec.de\/blog\/wp-json\/wp\/v2\/posts\/9936\/revisions\/9940"}],"wp:featuredmedia":[{"embeddable":true,"href":"https:\/\/sajec.de\/blog\/wp-json\/wp\/v2\/media\/9937"}],"wp:attachment":[{"href":"https:\/\/sajec.de\/blog\/wp-json\/wp\/v2\/media?parent=9936"}],"wp:term":[{"taxonomy":"category","embeddable":true,"href":"https:\/\/sajec.de\/blog\/wp-json\/wp\/v2\/categories?post=9936"},{"taxonomy":"post_tag","embeddable":true,"href":"https:\/\/sajec.de\/blog\/wp-json\/wp\/v2\/tags?post=9936"}],"curies":[{"name":"wp","href":"https:\/\/api.w.org\/{rel}","templated":true}]}}